{"id":235,"date":"2021-04-06T11:15:52","date_gmt":"2021-04-06T14:15:52","guid":{"rendered":"http:\/\/saaenep.com.br\/new\/?p=235"},"modified":"2021-04-08T17:07:36","modified_gmt":"2021-04-08T20:07:36","slug":"pec-que-torna-acesso-a-agua-potavel-direito-fundamental-vai-a-camara","status":"publish","type":"post","link":"https:\/\/saaenep.com.br\/new\/index.php\/2021\/04\/06\/pec-que-torna-acesso-a-agua-potavel-direito-fundamental-vai-a-camara\/","title":{"rendered":"PEC que torna acesso \u00e0 \u00e1gua pot\u00e1vel direito, vai \u00e0 C\u00e2mara"},"content":{"rendered":"\n<p>O Senado aprovou nesta quarta-feira (31) a <a href=\"https:\/\/www25.senado.leg.br\/web\/atividade\/materias\/-\/materia\/132208\">PEC 4\/2018<\/a>, proposta do ex-senador Jorge Viana que inclui a \u00e1gua pot\u00e1vel na lista de direitos e garantias fundamentais da Constitui\u00e7\u00e3o. O texto, que teve como relator o senador Jaques Wagner (PT-BA), segue para a C\u00e2mara dos Deputados. <\/p>\n\n\n\n<p>A proposta foi aprovada pelos senadores por unanimidade, pouco mais de uma semana ap\u00f3s a celebra\u00e7\u00e3o do Dia Mundial da \u00c1gua, comemorado em 22 de mar\u00e7o. Ao comemorar o resultado da vota\u00e7\u00e3o, Jaques Wagner lembrou de sua experi\u00eancia com o Programa \u00c1gua para Todos, lan\u00e7ado durante sua gest\u00e3o como governador da Bahia. <\/p>\n\n\n\n<p>\u2014 Vi a emo\u00e7\u00e3o de homens e mulheres de 50 a 60 anos, no semi\u00e1rido baiano, que pela primeira vez viam jorrar \u00e1gua pot\u00e1vel nas torneiras de suas cozinhas ou em seus chuveiros. Vi a emo\u00e7\u00e3o de senhoras que, com uma simples cisterna para guardar \u00e1gua da chuva, n\u00e3o mais precisariam andar l\u00e9guas para buscar \u00e1gua barrenta para cozinhar ou banhar seus filhos \u2014 contou. <\/p>\n\n\n\n<p>Em seu parecer, Jaques Wagner cita a estimativa de que mais de 30 milh\u00f5es de brasileiros n\u00e3o t\u00eam acesso \u00e0 \u00e1gua tratada. Ele tamb\u00e9m argumenta que a proposta vai contribuir para \u201cinstrumentalizar\u201d os operadores do Direito para a garantia desse recurso natural.<\/p>\n\n\n\n<div class=\"wp-block-columns is-layout-flex wp-container-core-columns-is-layout-9d6595d7 wp-block-columns-is-layout-flex\">\n<div class=\"wp-block-column is-layout-flow wp-block-column-is-layout-flow\" style=\"flex-basis:100%\">\n<div class=\"wp-block-columns is-layout-flex wp-container-core-columns-is-layout-9d6595d7 wp-block-columns-is-layout-flex\">\n<div class=\"wp-block-column is-layout-flow wp-block-column-is-layout-flow\" style=\"flex-basis:100%\">\n<div class=\"wp-block-columns is-layout-flex wp-container-core-columns-is-layout-9d6595d7 wp-block-columns-is-layout-flex\"><\/div>\n<\/div>\n<\/div>\n<\/div>\n<\/div>\n\n\n\n<p><\/p>\n","protected":false},"excerpt":{"rendered":"<p>O Senado aprovou nesta quarta-feira (31) a PEC 4\/2018, proposta do ex-senador Jorge Viana que inclui a \u00e1gua pot\u00e1vel na lista de direitos e garantias fundamentais da Constitui\u00e7\u00e3o. O texto, que teve como relator o senador Jaques Wagner (PT-BA), segue para a C\u00e2mara dos Deputados. A proposta foi aprovada pelos senadores por unanimidade, pouco mais de uma semana ap\u00f3s a [&hellip;]<\/p>\n","protected":false},"author":1,"featured_media":236,"comment_status":"closed","ping_status":"closed","sticky":false,"template":"","format":"standard","meta":{"footnotes":""},"categories":[9],"tags":[],"class_list":["post-235","post","type-post","status-publish","format-standard","has-post-thumbnail","hentry","category-noticias"],"_links":{"self":[{"href":"https:\/\/saaenep.com.br\/new\/index.php\/wp-json\/wp\/v2\/posts\/235","targetHints":{"allow":["GET"]}}],"collection":[{"href":"https:\/\/saaenep.com.br\/new\/index.php\/wp-json\/wp\/v2\/posts"}],"about":[{"href":"https:\/\/saaenep.com.br\/new\/index.php\/wp-json\/wp\/v2\/types\/post"}],"author":[{"embeddable":true,"href":"https:\/\/saaenep.com.br\/new\/index.php\/wp-json\/wp\/v2\/users\/1"}],"replies":[{"embeddable":true,"href":"https:\/\/saaenep.com.br\/new\/index.php\/wp-json\/wp\/v2\/comments?post=235"}],"version-history":[{"count":11,"href":"https:\/\/saaenep.com.br\/new\/index.php\/wp-json\/wp\/v2\/posts\/235\/revisions"}],"predecessor-version":[{"id":375,"href":"https:\/\/saaenep.com.br\/new\/index.php\/wp-json\/wp\/v2\/posts\/235\/revisions\/375"}],"wp:featuredmedia":[{"embeddable":true,"href":"https:\/\/saaenep.com.br\/new\/index.php\/wp-json\/wp\/v2\/media\/236"}],"wp:attachment":[{"href":"https:\/\/saaenep.com.br\/new\/index.php\/wp-json\/wp\/v2\/media?parent=235"}],"wp:term":[{"taxonomy":"category","embeddable":true,"href":"https:\/\/saaenep.com.br\/new\/index.php\/wp-json\/wp\/v2\/categories?post=235"},{"taxonomy":"post_tag","embeddable":true,"href":"https:\/\/saaenep.com.br\/new\/index.php\/wp-json\/wp\/v2\/tags?post=235"}],"curies":[{"name":"wp","href":"https:\/\/api.w.org\/{rel}","templated":true}]}}